{"id":214,"date":"2025-11-08T18:25:23","date_gmt":"2025-11-08T18:25:23","guid":{"rendered":"https:\/\/christophersanti.com.br\/dr-fabricio\/?p=214"},"modified":"2025-11-08T18:25:23","modified_gmt":"2025-11-08T18:25:23","slug":"limpeza-bucal-profunda-tratamento-essencial-para-gengivas-saudaveis","status":"publish","type":"post","link":"https:\/\/christophersanti.com.br\/dr-fabricio\/limpeza-bucal-profunda-tratamento-essencial-para-gengivas-saudaveis\/","title":{"rendered":"Limpeza Bucal Profunda: Tratamento Essencial para Gengivas Saud\u00e1veis"},"content":{"rendered":"\n<h1 class=\"wp-block-heading\"><strong>Limpeza Bucal Profunda: Mais que uma Limpeza \u2014 \u00c9 um Tratamento para sua Sa\u00fade Geral<\/strong><\/h1>\n\n\n\n<p>Muitas pessoas acreditam que \u201climpeza nos dentes\u201d \u00e9 apenas um procedimento est\u00e9tico \u2014 algo feito para tirar o t\u00e1rtaro e deixar o sorriso mais bonito. Mas, na verdade, a <strong>limpeza bucal profunda<\/strong> (tamb\u00e9m chamada de <strong>raspagem e alisamento radicular<\/strong>) \u00e9 um <strong>tratamento terap\u00eautico essencial<\/strong> para quem sofre de <strong>gengivite ou periodontite<\/strong> \u2014 doen\u00e7as silenciosas que, se n\u00e3o tratadas, podem levar \u00e0 perda dos dentes\u2026 e at\u00e9 afetar sua sa\u00fade cardiovascular, renal e sist\u00eamica.<\/p>\n\n\n\n<h2 class=\"wp-block-heading\">Afinal, o que \u00e9 a limpeza bucal profunda?<\/h2>\n\n\n\n<p>Diferente da <strong>profilaxia<\/strong> (limpeza de rotina feita em consultas preventivas), a <strong>limpeza bucal profunda<\/strong> \u00e9 indicada quando h\u00e1 <strong>ac\u00famulo de placa bacteriana e t\u00e1rtaro abaixo da linha da gengiva<\/strong>, causando inflama\u00e7\u00e3o, sangramento e perda \u00f3ssea.<\/p>\n\n\n\n<p>O procedimento envolve:<\/p>\n\n\n\n<ul class=\"wp-block-list\">\n<li><strong>Raspagem<\/strong>: remo\u00e7\u00e3o mec\u00e2nica do t\u00e1rtaro e placa bacteriana das ra\u00edzes dos dentes;<\/li>\n\n\n\n<li><strong>Alisamento radicular<\/strong>: suaviza\u00e7\u00e3o da superf\u00edcie da raiz para que a gengiva possa se readaptar ao dente e fechar os \u201cbolsos periodontais\u201d (espa\u00e7os anormais entre gengiva e dente).<\/li>\n<\/ul>\n\n\n\n<p>\ud83d\udca1 Esse tratamento <strong>n\u00e3o \u00e9 apenas higiene \u2014 \u00e9 um passo crucial para reverter a doen\u00e7a periodontal<\/strong> e evitar complica\u00e7\u00f5es futuras.<\/p>\n\n\n\n<h2 class=\"wp-block-heading\">Quando \u00e9 necess\u00e1rio fazer uma limpeza bucal profunda?<\/h2>\n\n\n\n<p>Voc\u00ea pode precisar desse tratamento se apresentar <strong>um ou mais dos seguintes sinais<\/strong>:<\/p>\n\n\n\n<ul class=\"wp-block-list\">\n<li>Gengiva que sangra ao escovar ou usar fio dental;<\/li>\n\n\n\n<li>Incha\u00e7o, vermelhid\u00e3o ou sensibilidade na gengiva;<\/li>\n\n\n\n<li>Mau h\u00e1lito persistente (halitose);<\/li>\n\n\n\n<li>Dentes que parecem \u201cmaiores\u201d (retra\u00e7\u00e3o gengival);<\/li>\n\n\n\n<li>Mobilidade ou sensibilidade nos dentes;<\/li>\n\n\n\n<li>Bolsos periodontais profundos (>4 mm), detectados em exames cl\u00ednicos.<\/li>\n<\/ul>\n\n\n\n<blockquote class=\"wp-block-quote is-layout-flow wp-block-quote-is-layout-flow\">\n<p>Na <strong>Cl\u00ednica Dr. Fabr\u00edcio<\/strong>, usamos <strong>sonda periodontal e, se necess\u00e1rio, exames complementares<\/strong> para avaliar com precis\u00e3o a sa\u00fade do seu periodonto \u2014 porque <strong>prevenir \u00e9 ideal, mas tratar a tempo \u00e9 essencial<\/strong>.<\/p>\n<\/blockquote>\n\n\n\n<h2 class=\"wp-block-heading\">Como funciona o procedimento?<\/h2>\n\n\n\n<p>A limpeza bucal profunda \u00e9 feita em <strong>uma ou mais sess\u00f5es<\/strong>, dependendo da extens\u00e3o da doen\u00e7a. Para garantir seu conforto:<\/p>\n\n\n\n<ul class=\"wp-block-list\">\n<li>Aplicamos <strong>anestesia local<\/strong> na regi\u00e3o a ser tratada (voc\u00ea n\u00e3o sentir\u00e1 dor);<\/li>\n\n\n\n<li>Utilizamos <strong>ultrassom e curetas finas<\/strong>, com tecnologia moderna e higiene rigorosa;<\/li>\n\n\n\n<li>Dividimos o tratamento por quadrantes (ex: um lado da boca por vez), se necess\u00e1rio.<\/li>\n<\/ul>\n\n\n\n<p>Ap\u00f3s o procedimento, \u00e9 comum sentir <strong>ligeira sensibilidade ou desconforto<\/strong>, que desaparece em poucos dias. Recomendamos:<\/p>\n\n\n\n<ul class=\"wp-block-list\">\n<li>Escova\u00e7\u00e3o suave com creme dental dessensibilizante;<\/li>\n\n\n\n<li>Enxaguante bucal antiss\u00e9ptico (se prescrito);<\/li>\n\n\n\n<li>Retorno para reavalia\u00e7\u00e3o em 4 a 6 semanas.<\/li>\n<\/ul>\n\n\n\n<h2 class=\"wp-block-heading\">Por que n\u00e3o adiar esse tratamento?<\/h2>\n\n\n\n<p>A <strong>doen\u00e7a periodontal \u00e9 silenciosa<\/strong>. Nos est\u00e1gios iniciais, muitas vezes n\u00e3o causa dor \u2014 mas <strong>vai destruindo o osso que sustenta seus dentes<\/strong>. Estudos mostram que ela est\u00e1 associada a:<\/p>\n\n\n\n<ul class=\"wp-block-list\">\n<li>Doen\u00e7as card\u00edacas;<\/li>\n\n\n\n<li>Diabetes descontrolado;<\/li>\n\n\n\n<li>Complica\u00e7\u00f5es na gravidez;<\/li>\n\n\n\n<li>Problemas respirat\u00f3rios.<\/li>\n<\/ul>\n\n\n\n<p>Cuidar da sua gengiva \u00e9, literalmente, <strong>cuidar do seu corpo inteiro<\/strong>.<\/p>\n\n\n\n<h2 class=\"wp-block-heading\">Manuten\u00e7\u00e3o ap\u00f3s a limpeza profunda<\/h2>\n\n\n\n<p>Ap\u00f3s o tratamento, voc\u00ea entrar\u00e1 em um <strong>programa de manuten\u00e7\u00e3o periodontal<\/strong>, com consultas a cada <strong>3 a 4 meses<\/strong>. Isso \u00e9 fundamental para:<\/p>\n\n\n\n<ul class=\"wp-block-list\">\n<li>Monitorar a sa\u00fade gengival;<\/li>\n\n\n\n<li>Remover novos ac\u00famulos antes que causem danos;<\/li>\n\n\n\n<li>Manter seus dentes por mais tempo \u2014 <strong>por toda a vida, se poss\u00edvel!<\/strong><\/li>\n<\/ul>\n\n\n\n<blockquote class=\"wp-block-quote is-layout-flow wp-block-quote-is-layout-flow\">\n<p>Na nossa cl\u00ednica, acreditamos que <strong>a odontologia preventiva salva sorrisos<\/strong> \u2014 e evita tratamentos mais complexos (e caros) no futuro.<\/p>\n<\/blockquote>\n\n\n\n<hr class=\"wp-block-separator has-alpha-channel-opacity\"\/>\n\n\n\n<h2 class=\"wp-block-heading\"><strong>Sua gengiva merece aten\u00e7\u00e3o \u2014 n\u00e3o espere sentir dor para agir<\/strong><\/h2>\n\n\n\n<p>Se voc\u00ea notou sangramento ao escovar, mau h\u00e1lito persistente ou mudan\u00e7as na sua gengiva, <strong>n\u00e3o ignore<\/strong>. Agende uma avalia\u00e7\u00e3o na cl\u00ednica do <strong>Dr. Fabr\u00edcio<\/strong>. Aqui, voc\u00ea ser\u00e1 recebido com empatia, diagnosticado com precis\u00e3o e tratado com o mais alto padr\u00e3o de cuidado.<\/p>\n\n\n\n<p>\ud83e\uddb7 <strong>Sa\u00fade bucal come\u00e7a nas gengivas. Cuide delas hoje para sorrir amanh\u00e3.<\/strong><\/p>\n","protected":false},"excerpt":{"rendered":"<p>Limpeza Bucal Profunda: Mais que uma Limpeza \u2014 \u00c9 um Tratamento para sua Sa\u00fade Geral Muitas pessoas acreditam que \u201climpeza nos dentes\u201d \u00e9 apenas um procedimento est\u00e9tico \u2014 algo feito para tirar o t\u00e1rtaro e deixar o sorriso mais bonito. Mas, na verdade, a limpeza bucal profunda (tamb\u00e9m chamada de raspagem e alisamento radicular) \u00e9 [&hellip;]<\/p>\n","protected":false},"author":1,"featured_media":215,"comment_status":"open","ping_status":"open","sticky":false,"template":"","format":"standard","meta":{"footnotes":""},"categories":[8,11],"tags":[],"class_list":["post-214","post","type-post","status-publish","format-standard","has-post-thumbnail","hentry","category-especialidades","category-limpeza-bucal"],"_links":{"self":[{"href":"https:\/\/christophersanti.com.br\/dr-fabricio\/wp-json\/wp\/v2\/posts\/214","targetHints":{"allow":["GET"]}}],"collection":[{"href":"https:\/\/christophersanti.com.br\/dr-fabricio\/wp-json\/wp\/v2\/posts"}],"about":[{"href":"https:\/\/christophersanti.com.br\/dr-fabricio\/wp-json\/wp\/v2\/types\/post"}],"author":[{"embeddable":true,"href":"https:\/\/christophersanti.com.br\/dr-fabricio\/wp-json\/wp\/v2\/users\/1"}],"replies":[{"embeddable":true,"href":"https:\/\/christophersanti.com.br\/dr-fabricio\/wp-json\/wp\/v2\/comments?post=214"}],"version-history":[{"count":1,"href":"https:\/\/christophersanti.com.br\/dr-fabricio\/wp-json\/wp\/v2\/posts\/214\/revisions"}],"predecessor-version":[{"id":216,"href":"https:\/\/christophersanti.com.br\/dr-fabricio\/wp-json\/wp\/v2\/posts\/214\/revisions\/216"}],"wp:featuredmedia":[{"embeddable":true,"href":"https:\/\/christophersanti.com.br\/dr-fabricio\/wp-json\/wp\/v2\/media\/215"}],"wp:attachment":[{"href":"https:\/\/christophersanti.com.br\/dr-fabricio\/wp-json\/wp\/v2\/media?parent=214"}],"wp:term":[{"taxonomy":"category","embeddable":true,"href":"https:\/\/christophersanti.com.br\/dr-fabricio\/wp-json\/wp\/v2\/categories?post=214"},{"taxonomy":"post_tag","embeddable":true,"href":"https:\/\/christophersanti.com.br\/dr-fabricio\/wp-json\/wp\/v2\/tags?post=214"}],"curies":[{"name":"wp","href":"https:\/\/api.w.org\/{rel}","templated":true}]}}