{"id":220,"date":"2025-11-08T18:40:09","date_gmt":"2025-11-08T18:40:09","guid":{"rendered":"https:\/\/christophersanti.com.br\/dr-fabricio\/?p=220"},"modified":"2025-11-08T18:40:09","modified_gmt":"2025-11-08T18:40:09","slug":"reabilitacao-oral-completa-recupere-seu-sorriso","status":"publish","type":"post","link":"https:\/\/christophersanti.com.br\/dr-fabricio\/reabilitacao-oral-completa-recupere-seu-sorriso\/","title":{"rendered":"Reabilita\u00e7\u00e3o Oral Completa: Recupere seu Sorriso"},"content":{"rendered":"\n<h1 class=\"wp-block-heading\"><strong>Reabilita\u00e7\u00e3o Oral: Recomece seu Sorriso do Zero \u2014 com Sa\u00fade, Fun\u00e7\u00e3o e Confian\u00e7a<\/strong><\/h1>\n\n\n\n<p>Perder v\u00e1rios dentes \u2014 seja por c\u00e1rie avan\u00e7ada, trauma, doen\u00e7a periodontal ou envelhecimento \u2014 n\u00e3o afeta apenas sua capacidade de mastigar ou falar. Impacta sua <strong>autoestima, nutri\u00e7\u00e3o, digest\u00e3o e at\u00e9 sua postura facial<\/strong>. Mas h\u00e1 boas not\u00edcias: a <strong>reabilita\u00e7\u00e3o oral<\/strong> \u00e9 um dos tratamentos mais completos e transformadores da odontologia moderna. E, com o avan\u00e7o da tecnologia, \u00e9 poss\u00edvel <strong>reconstruir um sorriso inteiro com resultados naturais, duradouros e funcionais<\/strong>.<\/p>\n\n\n\n<h2 class=\"wp-block-heading\">O que \u00e9 Reabilita\u00e7\u00e3o Oral?<\/h2>\n\n\n\n<p>A reabilita\u00e7\u00e3o oral \u00e9 um <strong>plano de tratamento integrado<\/strong>, personalizado e multidisciplinar, destinado a pacientes que perderam <strong>muitos ou todos os dentes<\/strong> e precisam de uma <strong>reconstru\u00e7\u00e3o completa da fun\u00e7\u00e3o mastigat\u00f3ria, da est\u00e9tica e da sa\u00fade bucal<\/strong>.<\/p>\n\n\n\n<p>Ela vai muito al\u00e9m de \u201ccolocar dentes novos\u201d. \u00c9 um processo que envolve:<\/p>\n\n\n\n<ul class=\"wp-block-list\">\n<li>Restaura\u00e7\u00e3o da <strong>mastiga\u00e7\u00e3o eficiente<\/strong>;<\/li>\n\n\n\n<li>Corre\u00e7\u00e3o da <strong>oclus\u00e3o<\/strong> (mordida);<\/li>\n\n\n\n<li>Recupera\u00e7\u00e3o da <strong>est\u00e9tica do sorriso e do rosto<\/strong>;<\/li>\n\n\n\n<li>Preven\u00e7\u00e3o de <strong>problemas futuros nas articula\u00e7\u00f5es (ATM) e na coluna<\/strong>;<\/li>\n\n\n\n<li>Restabelecimento da <strong>qualidade de vida<\/strong>.<\/li>\n<\/ul>\n\n\n\n<blockquote class=\"wp-block-quote is-layout-flow wp-block-quote-is-layout-flow\">\n<p>Na <strong>Cl\u00ednica Dr. Fabr\u00edcio<\/strong>, acreditamos que <strong>ningu\u00e9m deve se acostumar com a falta de dentes<\/strong>. Seja aos 30 ou aos 70 anos, voc\u00ea merece comer, sorrir e falar com liberdade \u2014 e seguran\u00e7a.<\/p>\n<\/blockquote>\n\n\n\n<h2 class=\"wp-block-heading\">Quem precisa de reabilita\u00e7\u00e3o oral?<\/h2>\n\n\n\n<p>Voc\u00ea pode ser um candidato ideal se:<\/p>\n\n\n\n<ul class=\"wp-block-list\">\n<li>Usa pr\u00f3tese remov\u00edvel e sofre com mobilidade, dor ou desconforto;<\/li>\n\n\n\n<li>Perdeu v\u00e1rios dentes e tem dificuldade para mastigar alimentos s\u00f3lidos;<\/li>\n\n\n\n<li>Nota que seu rosto \u201cafundou\u201d ou que suas bochechas parecem mais ca\u00eddas;<\/li>\n\n\n\n<li>Sente dores na mand\u00edbula, cabe\u00e7a ou ouvidos (sinais de desequil\u00edbrio oclusal);<\/li>\n\n\n\n<li>Tem vergonha de sorrir ou falar em p\u00fablico por causa da perda dental.<\/li>\n<\/ul>\n\n\n\n<p>\ud83d\udca1 <strong>Importante:<\/strong> A reabilita\u00e7\u00e3o <strong>n\u00e3o \u00e9 s\u00f3 para quem perdeu todos os dentes<\/strong>. Muitos pacientes com dentes comprometidos (mas ainda presentes) tamb\u00e9m se beneficiam \u2014 antes que o quadro se agrave.<\/p>\n\n\n\n<h2 class=\"wp-block-heading\">Tipos de Reabilita\u00e7\u00e3o Oral<\/h2>\n\n\n\n<p>O plano \u00e9 sempre personalizado, mas as principais op\u00e7\u00f5es incluem:<\/p>\n\n\n\n<h3 class=\"wp-block-heading\">\ud83d\udd39 <strong>Reabilita\u00e7\u00e3o com Implantes e Pr\u00f3tese Fixa (Protocolo ou All-on-4)<\/strong><\/h3>\n\n\n\n<ul class=\"wp-block-list\">\n<li>4 a 6 implantes sustentam uma pr\u00f3tese total fixa de resina ou porcelana;<\/li>\n\n\n\n<li>Resultado <strong>imediato<\/strong> (em muitos casos, voc\u00ea sai da cl\u00ednica com dentes no mesmo dia);<\/li>\n\n\n\n<li>N\u00e3o solta, n\u00e3o machuca e permite mastigar de tudo;<\/li>\n\n\n\n<li>Ideal para quem usa pr\u00f3tese remov\u00edvel e quer liberdade.<\/li>\n<\/ul>\n\n\n\n<h3 class=\"wp-block-heading\">\ud83d\udd39 <strong>Reabilita\u00e7\u00e3o com Coroas e Pontes sobre Implantes<\/strong><\/h3>\n\n\n\n<ul class=\"wp-block-list\">\n<li>Para pacientes que perderam dentes em setores espec\u00edficos;<\/li>\n\n\n\n<li>Restaura fun\u00e7\u00e3o e est\u00e9tica com <strong>precis\u00e3o milim\u00e9trica<\/strong>.<\/li>\n<\/ul>\n\n\n\n<h3 class=\"wp-block-heading\">\ud83d\udd39 <strong>Reabilita\u00e7\u00e3o com Pr\u00f3tese Total Convencional (quando implantes n\u00e3o s\u00e3o vi\u00e1veis)<\/strong><\/h3>\n\n\n\n<ul class=\"wp-block-list\">\n<li>Op\u00e7\u00e3o acess\u00edvel e eficaz, com ajustes para maior conforto e reten\u00e7\u00e3o.<\/li>\n<\/ul>\n\n\n\n<blockquote class=\"wp-block-quote is-layout-flow wp-block-quote-is-layout-flow\">\n<p>Em todos os casos, utilizamos <strong>exames 3D (tomografia)<\/strong>, <strong>escaneamento digital<\/strong> e <strong>planejamento virtual<\/strong> para garantir precis\u00e3o, conforto e previsibilidade.<\/p>\n<\/blockquote>\n\n\n\n<h2 class=\"wp-block-heading\">Etapas do Tratamento<\/h2>\n\n\n\n<ol start=\"1\" class=\"wp-block-list\">\n<li><strong>Avalia\u00e7\u00e3o inicial<\/strong>: exame cl\u00ednico, radiogr\u00e1fico e funcional;<\/li>\n\n\n\n<li><strong>Planejamento digital<\/strong>: mock-up 3D do novo sorriso;<\/li>\n\n\n\n<li><strong>Tratamentos pr\u00e9vios<\/strong> (se necess\u00e1rio): como limpeza profunda, extra\u00e7\u00f5es ou enxertos;<\/li>\n\n\n\n<li><strong>Cirurgia dos implantes<\/strong> (quando indicado);<\/li>\n\n\n\n<li><strong>Confec\u00e7\u00e3o e instala\u00e7\u00e3o da pr\u00f3tese definitiva<\/strong>;<\/li>\n\n\n\n<li><strong>Acompanhamento cont\u00ednuo<\/strong> para manuten\u00e7\u00e3o da sa\u00fade bucal.<\/li>\n<\/ol>\n\n\n\n<h2 class=\"wp-block-heading\">Benef\u00edcios de uma Reabilita\u00e7\u00e3o Bem-feita<\/h2>\n\n\n\n<p>\u2705 Volta a <strong>comer qualquer alimento<\/strong> com seguran\u00e7a;<br>\u2705 Elimina <strong>dores articulares e de cabe\u00e7a<\/strong> causadas por m\u00e1 oclus\u00e3o;<br>\u2705 Recupera o <strong>volume facial<\/strong> e rejuvenesce a apar\u00eancia;<br>\u2705 Melhora a <strong>dic\u00e7\u00e3o e a respira\u00e7\u00e3o<\/strong>;<br>\u2705 Restaura a <strong>autoconfian\u00e7a<\/strong> \u2014 voc\u00ea volta a sorrir, falar e socializar sem inseguran\u00e7a.<\/p>\n\n\n\n<h2 class=\"wp-block-heading\">Cuidados ap\u00f3s a reabilita\u00e7\u00e3o<\/h2>\n\n\n\n<p>Assim como um carro novo, seu novo sorriso precisa de <strong>manuten\u00e7\u00e3o preventiva<\/strong>:<\/p>\n\n\n\n<ul class=\"wp-block-list\">\n<li>Higiene rigorosa com escova, fio dental e irrigador;<\/li>\n\n\n\n<li>Consultas a cada 6 meses para limpeza e avalia\u00e7\u00e3o;<\/li>\n\n\n\n<li>Uso de placa de mordida (se indicado para proteger os implantes).<\/li>\n<\/ul>\n\n\n\n<p>Com os cuidados certos, uma reabilita\u00e7\u00e3o oral <strong>pode durar d\u00e9cadas<\/strong> \u2014 ou at\u00e9 a vida toda.<\/p>\n\n\n\n<hr class=\"wp-block-separator has-alpha-channel-opacity\"\/>\n\n\n\n<h2 class=\"wp-block-heading\"><strong>Seu novo come\u00e7o come\u00e7a com um sorriso<\/strong><\/h2>\n\n\n\n<p>Na <strong>Cl\u00ednica Dr. Fabr\u00edcio<\/strong>, n\u00e3o vemos apenas dentes \u2014 vemos <strong>pessoas que merecem viver plenamente<\/strong>. Nossa abordagem \u00e9 <strong>\u00e9tica, transparente e centrada no paciente<\/strong>: sem pressa, sem promessas irreais, apenas solu\u00e7\u00f5es reais, seguras e duradouras.<\/p>\n\n\n\n<p>Se voc\u00ea ou algu\u00e9m que voc\u00ea ama vive com a perda de dentes, <strong>n\u00e3o se acostume com o inc\u00f4modo<\/strong>. H\u00e1 uma vida melhor do outro lado da reabilita\u00e7\u00e3o oral.<\/p>\n\n\n\n<p>\ud83e\uddb7 <strong>Agende uma avalia\u00e7\u00e3o sem compromisso e descubra seu caminho de volta ao sorriso completo.<\/strong><\/p>\n","protected":false},"excerpt":{"rendered":"<p>Reabilita\u00e7\u00e3o Oral: Recomece seu Sorriso do Zero \u2014 com Sa\u00fade, Fun\u00e7\u00e3o e Confian\u00e7a Perder v\u00e1rios dentes \u2014 seja por c\u00e1rie avan\u00e7ada, trauma, doen\u00e7a periodontal ou envelhecimento \u2014 n\u00e3o afeta apenas sua capacidade de mastigar ou falar. Impacta sua autoestima, nutri\u00e7\u00e3o, digest\u00e3o e at\u00e9 sua postura facial. Mas h\u00e1 boas not\u00edcias: a reabilita\u00e7\u00e3o oral \u00e9 um [&hellip;]<\/p>\n","protected":false},"author":1,"featured_media":221,"comment_status":"open","ping_status":"open","sticky":false,"template":"","format":"standard","meta":{"footnotes":""},"categories":[8,13],"tags":[],"class_list":["post-220","post","type-post","status-publish","format-standard","has-post-thumbnail","hentry","category-especialidades","category-reabilitacao-oral"],"_links":{"self":[{"href":"https:\/\/christophersanti.com.br\/dr-fabricio\/wp-json\/wp\/v2\/posts\/220","targetHints":{"allow":["GET"]}}],"collection":[{"href":"https:\/\/christophersanti.com.br\/dr-fabricio\/wp-json\/wp\/v2\/posts"}],"about":[{"href":"https:\/\/christophersanti.com.br\/dr-fabricio\/wp-json\/wp\/v2\/types\/post"}],"author":[{"embeddable":true,"href":"https:\/\/christophersanti.com.br\/dr-fabricio\/wp-json\/wp\/v2\/users\/1"}],"replies":[{"embeddable":true,"href":"https:\/\/christophersanti.com.br\/dr-fabricio\/wp-json\/wp\/v2\/comments?post=220"}],"version-history":[{"count":1,"href":"https:\/\/christophersanti.com.br\/dr-fabricio\/wp-json\/wp\/v2\/posts\/220\/revisions"}],"predecessor-version":[{"id":222,"href":"https:\/\/christophersanti.com.br\/dr-fabricio\/wp-json\/wp\/v2\/posts\/220\/revisions\/222"}],"wp:featuredmedia":[{"embeddable":true,"href":"https:\/\/christophersanti.com.br\/dr-fabricio\/wp-json\/wp\/v2\/media\/221"}],"wp:attachment":[{"href":"https:\/\/christophersanti.com.br\/dr-fabricio\/wp-json\/wp\/v2\/media?parent=220"}],"wp:term":[{"taxonomy":"category","embeddable":true,"href":"https:\/\/christophersanti.com.br\/dr-fabricio\/wp-json\/wp\/v2\/categories?post=220"},{"taxonomy":"post_tag","embeddable":true,"href":"https:\/\/christophersanti.com.br\/dr-fabricio\/wp-json\/wp\/v2\/tags?post=220"}],"curies":[{"name":"wp","href":"https:\/\/api.w.org\/{rel}","templated":true}]}}